{"id":1460,"date":"2023-07-10T10:34:49","date_gmt":"2023-07-10T09:34:49","guid":{"rendered":"https:\/\/projetoraiz.pt\/family-tales\/"},"modified":"2023-08-18T21:58:20","modified_gmt":"2023-08-18T20:58:20","slug":"family-tales","status":"publish","type":"post","link":"https:\/\/projetoraiz.pt\/en\/family-tales\/","title":{"rendered":"Family Tales"},"content":{"rendered":"\n<p>Date: August 12, 2023<br\/>Time: 10 a.m.<br\/>Venue: Yoga House Melides<\/p>\n\n<p>Event Description: <\/p>\n\n<figure class=\"wp-block-image size-large\"><img fetchpriority=\"high\" decoding=\"async\" width=\"1024\" height=\"1024\" src=\"https:\/\/projetoraiz.pt\/wp-content\/uploads\/2023\/07\/Contos-em-Familia-1024x1024.jpg\" alt=\"\" class=\"wp-image-1120\" srcset=\"https:\/\/projetoraiz.pt\/wp-content\/uploads\/2023\/07\/Contos-em-Familia-1024x1024.jpg 1024w, https:\/\/projetoraiz.pt\/wp-content\/uploads\/2023\/07\/Contos-em-Familia-300x300.jpg 300w, https:\/\/projetoraiz.pt\/wp-content\/uploads\/2023\/07\/Contos-em-Familia-150x150.jpg 150w, https:\/\/projetoraiz.pt\/wp-content\/uploads\/2023\/07\/Contos-em-Familia-768x768.jpg 768w, https:\/\/projetoraiz.pt\/wp-content\/uploads\/2023\/07\/Contos-em-Familia.jpg 1080w\" sizes=\"(max-width: 1024px) 100vw, 1024px\" \/><\/figure>\n","protected":false},"excerpt":{"rendered":"<p>Date: August 12, 2023Time: 10 a.m.Venue: Yoga House Melides Event Description:<\/p>\n","protected":false},"author":2,"featured_media":1394,"comment_status":"closed","ping_status":"open","sticky":false,"template":"","format":"standard","meta":{"site-sidebar-layout":"default","site-content-layout":"","ast-site-content-layout":"default","site-content-style":"default","site-sidebar-style":"default","ast-global-header-display":"","ast-banner-title-visibility":"","ast-main-header-display":"","ast-hfb-above-header-display":"","ast-hfb-below-header-display":"","ast-hfb-mobile-header-display":"","site-post-title":"","ast-breadcrumbs-content":"","ast-featured-img":"","footer-sml-layout":"","ast-disable-related-posts":"","theme-transparent-header-meta":"","adv-header-id-meta":"","stick-header-meta":"","header-above-stick-meta":"","header-main-stick-meta":"","header-below-stick-meta":"","astra-migrate-meta-layouts":"default","ast-page-background-enabled":"default","ast-page-background-meta":{"desktop":{"background-color":"","background-image":"","background-repeat":"repeat","background-position":"center center","background-size":"auto","background-attachment":"scroll","background-type":"","background-media":"","overlay-type":"","overlay-color":"","overlay-opacity":"","overlay-gradient":""},"tablet":{"background-color":"","background-image":"","background-repeat":"repeat","background-position":"center center","background-size":"auto","background-attachment":"scroll","background-type":"","background-media":"","overlay-type":"","overlay-color":"","overlay-opacity":"","overlay-gradient":""},"mobile":{"background-color":"","background-image":"","background-repeat":"repeat","background-position":"center center","background-size":"auto","background-attachment":"scroll","background-type":"","background-media":"","overlay-type":"","overlay-color":"","overlay-opacity":"","overlay-gradient":""}},"ast-content-background-meta":{"desktop":{"background-color":"var(--ast-global-color-5)","background-image":"","background-repeat":"repeat","background-position":"center center","background-size":"auto","background-attachment":"scroll","background-type":"","background-media":"","overlay-type":"","overlay-color":"","overlay-opacity":"","overlay-gradient":""},"tablet":{"background-color":"var(--ast-global-color-5)","background-image":"","background-repeat":"repeat","background-position":"center center","background-size":"auto","background-attachment":"scroll","background-type":"","background-media":"","overlay-type":"","overlay-color":"","overlay-opacity":"","overlay-gradient":""},"mobile":{"background-color":"var(--ast-global-color-5)","background-image":"","background-repeat":"repeat","background-position":"center center","background-size":"auto","background-attachment":"scroll","background-type":"","background-media":"","overlay-type":"","overlay-color":"","overlay-opacity":"","overlay-gradient":""}},"iawp_total_views":3,"_joinchat":[],"footnotes":""},"categories":[18],"tags":[],"class_list":["post-1460","post","type-post","status-publish","format-standard","has-post-thumbnail","hentry","category-events"],"yoast_head":"<!-- This site is optimized with the Yoast SEO plugin v26.8 - https:\/\/yoast.com\/product\/yoast-seo-wordpress\/ -->\n<title>Family Tales - Centro de Terapias RAIZ<\/title>\n<meta name=\"robots\" content=\"index, follow, max-snippet:-1, max-image-preview:large, max-video-preview:-1\" \/>\n<link rel=\"canonical\" href=\"https:\/\/projetoraiz.pt\/en\/family-tales\/\" \/>\n<meta property=\"og:locale\" content=\"en_US\" \/>\n<meta property=\"og:type\" content=\"article\" \/>\n<meta property=\"og:title\" content=\"Family Tales - Centro de Terapias RAIZ\" \/>\n<meta property=\"og:description\" content=\"Date: August 12, 2023Time: 10 a.m.Venue: Yoga House Melides Event Description:\" \/>\n<meta property=\"og:url\" content=\"https:\/\/projetoraiz.pt\/en\/family-tales\/\" \/>\n<meta property=\"og:site_name\" content=\"Centro de Terapias RAIZ\" \/>\n<meta property=\"article:publisher\" content=\"https:\/\/www.facebook.com\/RAIZyogaeterapias\" \/>\n<meta property=\"article:published_time\" content=\"2023-07-10T09:34:49+00:00\" \/>\n<meta property=\"article:modified_time\" content=\"2023-08-18T20:58:20+00:00\" \/>\n<meta property=\"og:image\" content=\"https:\/\/projetoraiz.pt\/wp-content\/uploads\/2023\/07\/Contos-em-Familia.jpg\" \/>\n\t<meta property=\"og:image:width\" content=\"1080\" \/>\n\t<meta property=\"og:image:height\" content=\"1080\" \/>\n\t<meta property=\"og:image:type\" content=\"image\/jpeg\" \/>\n<meta name=\"author\" content=\"Andre Lopes\" \/>\n<meta name=\"twitter:card\" content=\"summary_large_image\" \/>\n<meta name=\"twitter:label1\" content=\"Written by\" \/>\n\t<meta name=\"twitter:data1\" content=\"Andre Lopes\" \/>\n<script type=\"application\/ld+json\" class=\"yoast-schema-graph\">{\"@context\":\"https:\/\/schema.org\",\"@graph\":[{\"@type\":\"Article\",\"@id\":\"https:\/\/projetoraiz.pt\/en\/family-tales\/#article\",\"isPartOf\":{\"@id\":\"https:\/\/projetoraiz.pt\/en\/family-tales\/\"},\"author\":{\"name\":\"Andre Lopes\",\"@id\":\"https:\/\/projetoraiz.pt\/en\/#\/schema\/person\/ad1ebb955ea471fc55e6f3d578207a1e\"},\"headline\":\"Family Tales\",\"datePublished\":\"2023-07-10T09:34:49+00:00\",\"dateModified\":\"2023-08-18T20:58:20+00:00\",\"mainEntityOfPage\":{\"@id\":\"https:\/\/projetoraiz.pt\/en\/family-tales\/\"},\"wordCount\":13,\"publisher\":{\"@id\":\"https:\/\/projetoraiz.pt\/en\/#organization\"},\"image\":{\"@id\":\"https:\/\/projetoraiz.pt\/en\/family-tales\/#primaryimage\"},\"thumbnailUrl\":\"https:\/\/projetoraiz.pt\/wp-content\/uploads\/2023\/07\/Contos-em-Familia.jpg\",\"articleSection\":[\"Events\"],\"inLanguage\":\"en-US\"},{\"@type\":\"WebPage\",\"@id\":\"https:\/\/projetoraiz.pt\/en\/family-tales\/\",\"url\":\"https:\/\/projetoraiz.pt\/en\/family-tales\/\",\"name\":\"Family Tales - Centro de Terapias RAIZ\",\"isPartOf\":{\"@id\":\"https:\/\/projetoraiz.pt\/en\/#website\"},\"primaryImageOfPage\":{\"@id\":\"https:\/\/projetoraiz.pt\/en\/family-tales\/#primaryimage\"},\"image\":{\"@id\":\"https:\/\/projetoraiz.pt\/en\/family-tales\/#primaryimage\"},\"thumbnailUrl\":\"https:\/\/projetoraiz.pt\/wp-content\/uploads\/2023\/07\/Contos-em-Familia.jpg\",\"datePublished\":\"2023-07-10T09:34:49+00:00\",\"dateModified\":\"2023-08-18T20:58:20+00:00\",\"breadcrumb\":{\"@id\":\"https:\/\/projetoraiz.pt\/en\/family-tales\/#breadcrumb\"},\"inLanguage\":\"en-US\",\"potentialAction\":[{\"@type\":\"ReadAction\",\"target\":[\"https:\/\/projetoraiz.pt\/en\/family-tales\/\"]}]},{\"@type\":\"ImageObject\",\"inLanguage\":\"en-US\",\"@id\":\"https:\/\/projetoraiz.pt\/en\/family-tales\/#primaryimage\",\"url\":\"https:\/\/projetoraiz.pt\/wp-content\/uploads\/2023\/07\/Contos-em-Familia.jpg\",\"contentUrl\":\"https:\/\/projetoraiz.pt\/wp-content\/uploads\/2023\/07\/Contos-em-Familia.jpg\",\"width\":1080,\"height\":1080},{\"@type\":\"BreadcrumbList\",\"@id\":\"https:\/\/projetoraiz.pt\/en\/family-tales\/#breadcrumb\",\"itemListElement\":[{\"@type\":\"ListItem\",\"position\":1,\"name\":\"Home\",\"item\":\"https:\/\/projetoraiz.pt\/en\/\"},{\"@type\":\"ListItem\",\"position\":2,\"name\":\"Family Tales\"}]},{\"@type\":\"WebSite\",\"@id\":\"https:\/\/projetoraiz.pt\/en\/#website\",\"url\":\"https:\/\/projetoraiz.pt\/en\/\",\"name\":\"RAIZ - Yoga e Terapias - Gr\u00e2ndola - Melides - Comporta\",\"description\":\"Escola de Yoga - Centro de Terapias - Eventos - Forma\u00e7\u00f5es - Workshops\",\"publisher\":{\"@id\":\"https:\/\/projetoraiz.pt\/en\/#organization\"},\"potentialAction\":[{\"@type\":\"SearchAction\",\"target\":{\"@type\":\"EntryPoint\",\"urlTemplate\":\"https:\/\/projetoraiz.pt\/en\/?s={search_term_string}\"},\"query-input\":{\"@type\":\"PropertyValueSpecification\",\"valueRequired\":true,\"valueName\":\"search_term_string\"}}],\"inLanguage\":\"en-US\"},{\"@type\":\"Organization\",\"@id\":\"https:\/\/projetoraiz.pt\/en\/#organization\",\"name\":\"RAIZ - Yoga e Terapias\",\"url\":\"https:\/\/projetoraiz.pt\/en\/\",\"logo\":{\"@type\":\"ImageObject\",\"inLanguage\":\"en-US\",\"@id\":\"https:\/\/projetoraiz.pt\/en\/#\/schema\/logo\/image\/\",\"url\":\"https:\/\/projetoraiz.pt\/wp-content\/uploads\/2023\/06\/Raiz-Logo-e1687209449304.png\",\"contentUrl\":\"https:\/\/projetoraiz.pt\/wp-content\/uploads\/2023\/06\/Raiz-Logo-e1687209449304.png\",\"width\":180,\"height\":180,\"caption\":\"RAIZ - Yoga e Terapias\"},\"image\":{\"@id\":\"https:\/\/projetoraiz.pt\/en\/#\/schema\/logo\/image\/\"},\"sameAs\":[\"https:\/\/www.facebook.com\/RAIZyogaeterapias\",\"https:\/\/www.instagram.com\/raizyogacomporta\/\"]},{\"@type\":\"Person\",\"@id\":\"https:\/\/projetoraiz.pt\/en\/#\/schema\/person\/ad1ebb955ea471fc55e6f3d578207a1e\",\"name\":\"Andre Lopes\",\"image\":{\"@type\":\"ImageObject\",\"inLanguage\":\"en-US\",\"@id\":\"https:\/\/projetoraiz.pt\/en\/#\/schema\/person\/image\/\",\"url\":\"https:\/\/secure.gravatar.com\/avatar\/fa2320531cf2c80be653a13901407cd5c249ef6204c25f5c404dacc217e4d661?s=96&d=mm&r=g\",\"contentUrl\":\"https:\/\/secure.gravatar.com\/avatar\/fa2320531cf2c80be653a13901407cd5c249ef6204c25f5c404dacc217e4d661?s=96&d=mm&r=g\",\"caption\":\"Andre Lopes\"},\"url\":\"https:\/\/projetoraiz.pt\/en\/author\/andre\/\"}]}<\/script>\n<!-- \/ Yoast SEO plugin. -->","yoast_head_json":{"title":"Family Tales - Centro de Terapias RAIZ","robots":{"index":"index","follow":"follow","max-snippet":"max-snippet:-1","max-image-preview":"max-image-preview:large","max-video-preview":"max-video-preview:-1"},"canonical":"https:\/\/projetoraiz.pt\/en\/family-tales\/","og_locale":"en_US","og_type":"article","og_title":"Family Tales - Centro de Terapias RAIZ","og_description":"Date: August 12, 2023Time: 10 a.m.Venue: Yoga House Melides Event Description:","og_url":"https:\/\/projetoraiz.pt\/en\/family-tales\/","og_site_name":"Centro de Terapias RAIZ","article_publisher":"https:\/\/www.facebook.com\/RAIZyogaeterapias","article_published_time":"2023-07-10T09:34:49+00:00","article_modified_time":"2023-08-18T20:58:20+00:00","og_image":[{"width":1080,"height":1080,"url":"https:\/\/projetoraiz.pt\/wp-content\/uploads\/2023\/07\/Contos-em-Familia.jpg","type":"image\/jpeg"}],"author":"Andre Lopes","twitter_card":"summary_large_image","twitter_misc":{"Written by":"Andre Lopes"},"schema":{"@context":"https:\/\/schema.org","@graph":[{"@type":"Article","@id":"https:\/\/projetoraiz.pt\/en\/family-tales\/#article","isPartOf":{"@id":"https:\/\/projetoraiz.pt\/en\/family-tales\/"},"author":{"name":"Andre Lopes","@id":"https:\/\/projetoraiz.pt\/en\/#\/schema\/person\/ad1ebb955ea471fc55e6f3d578207a1e"},"headline":"Family Tales","datePublished":"2023-07-10T09:34:49+00:00","dateModified":"2023-08-18T20:58:20+00:00","mainEntityOfPage":{"@id":"https:\/\/projetoraiz.pt\/en\/family-tales\/"},"wordCount":13,"publisher":{"@id":"https:\/\/projetoraiz.pt\/en\/#organization"},"image":{"@id":"https:\/\/projetoraiz.pt\/en\/family-tales\/#primaryimage"},"thumbnailUrl":"https:\/\/projetoraiz.pt\/wp-content\/uploads\/2023\/07\/Contos-em-Familia.jpg","articleSection":["Events"],"inLanguage":"en-US"},{"@type":"WebPage","@id":"https:\/\/projetoraiz.pt\/en\/family-tales\/","url":"https:\/\/projetoraiz.pt\/en\/family-tales\/","name":"Family Tales - Centro de Terapias RAIZ","isPartOf":{"@id":"https:\/\/projetoraiz.pt\/en\/#website"},"primaryImageOfPage":{"@id":"https:\/\/projetoraiz.pt\/en\/family-tales\/#primaryimage"},"image":{"@id":"https:\/\/projetoraiz.pt\/en\/family-tales\/#primaryimage"},"thumbnailUrl":"https:\/\/projetoraiz.pt\/wp-content\/uploads\/2023\/07\/Contos-em-Familia.jpg","datePublished":"2023-07-10T09:34:49+00:00","dateModified":"2023-08-18T20:58:20+00:00","breadcrumb":{"@id":"https:\/\/projetoraiz.pt\/en\/family-tales\/#breadcrumb"},"inLanguage":"en-US","potentialAction":[{"@type":"ReadAction","target":["https:\/\/projetoraiz.pt\/en\/family-tales\/"]}]},{"@type":"ImageObject","inLanguage":"en-US","@id":"https:\/\/projetoraiz.pt\/en\/family-tales\/#primaryimage","url":"https:\/\/projetoraiz.pt\/wp-content\/uploads\/2023\/07\/Contos-em-Familia.jpg","contentUrl":"https:\/\/projetoraiz.pt\/wp-content\/uploads\/2023\/07\/Contos-em-Familia.jpg","width":1080,"height":1080},{"@type":"BreadcrumbList","@id":"https:\/\/projetoraiz.pt\/en\/family-tales\/#breadcrumb","itemListElement":[{"@type":"ListItem","position":1,"name":"Home","item":"https:\/\/projetoraiz.pt\/en\/"},{"@type":"ListItem","position":2,"name":"Family Tales"}]},{"@type":"WebSite","@id":"https:\/\/projetoraiz.pt\/en\/#website","url":"https:\/\/projetoraiz.pt\/en\/","name":"RAIZ - Yoga e Terapias - Gr\u00e2ndola - Melides - Comporta","description":"Escola de Yoga - Centro de Terapias - Eventos - Forma\u00e7\u00f5es - Workshops","publisher":{"@id":"https:\/\/projetoraiz.pt\/en\/#organization"},"potentialAction":[{"@type":"SearchAction","target":{"@type":"EntryPoint","urlTemplate":"https:\/\/projetoraiz.pt\/en\/?s={search_term_string}"},"query-input":{"@type":"PropertyValueSpecification","valueRequired":true,"valueName":"search_term_string"}}],"inLanguage":"en-US"},{"@type":"Organization","@id":"https:\/\/projetoraiz.pt\/en\/#organization","name":"RAIZ - Yoga e Terapias","url":"https:\/\/projetoraiz.pt\/en\/","logo":{"@type":"ImageObject","inLanguage":"en-US","@id":"https:\/\/projetoraiz.pt\/en\/#\/schema\/logo\/image\/","url":"https:\/\/projetoraiz.pt\/wp-content\/uploads\/2023\/06\/Raiz-Logo-e1687209449304.png","contentUrl":"https:\/\/projetoraiz.pt\/wp-content\/uploads\/2023\/06\/Raiz-Logo-e1687209449304.png","width":180,"height":180,"caption":"RAIZ - Yoga e Terapias"},"image":{"@id":"https:\/\/projetoraiz.pt\/en\/#\/schema\/logo\/image\/"},"sameAs":["https:\/\/www.facebook.com\/RAIZyogaeterapias","https:\/\/www.instagram.com\/raizyogacomporta\/"]},{"@type":"Person","@id":"https:\/\/projetoraiz.pt\/en\/#\/schema\/person\/ad1ebb955ea471fc55e6f3d578207a1e","name":"Andre Lopes","image":{"@type":"ImageObject","inLanguage":"en-US","@id":"https:\/\/projetoraiz.pt\/en\/#\/schema\/person\/image\/","url":"https:\/\/secure.gravatar.com\/avatar\/fa2320531cf2c80be653a13901407cd5c249ef6204c25f5c404dacc217e4d661?s=96&d=mm&r=g","contentUrl":"https:\/\/secure.gravatar.com\/avatar\/fa2320531cf2c80be653a13901407cd5c249ef6204c25f5c404dacc217e4d661?s=96&d=mm&r=g","caption":"Andre Lopes"},"url":"https:\/\/projetoraiz.pt\/en\/author\/andre\/"}]}},"_links":{"self":[{"href":"https:\/\/projetoraiz.pt\/en\/wp-json\/wp\/v2\/posts\/1460","targetHints":{"allow":["GET"]}}],"collection":[{"href":"https:\/\/projetoraiz.pt\/en\/wp-json\/wp\/v2\/posts"}],"about":[{"href":"https:\/\/projetoraiz.pt\/en\/wp-json\/wp\/v2\/types\/post"}],"author":[{"embeddable":true,"href":"https:\/\/projetoraiz.pt\/en\/wp-json\/wp\/v2\/users\/2"}],"replies":[{"embeddable":true,"href":"https:\/\/projetoraiz.pt\/en\/wp-json\/wp\/v2\/comments?post=1460"}],"version-history":[{"count":1,"href":"https:\/\/projetoraiz.pt\/en\/wp-json\/wp\/v2\/posts\/1460\/revisions"}],"predecessor-version":[{"id":1461,"href":"https:\/\/projetoraiz.pt\/en\/wp-json\/wp\/v2\/posts\/1460\/revisions\/1461"}],"wp:featuredmedia":[{"embeddable":true,"href":"https:\/\/projetoraiz.pt\/en\/wp-json\/wp\/v2\/media\/1394"}],"wp:attachment":[{"href":"https:\/\/projetoraiz.pt\/en\/wp-json\/wp\/v2\/media?parent=1460"}],"wp:term":[{"taxonomy":"category","embeddable":true,"href":"https:\/\/projetoraiz.pt\/en\/wp-json\/wp\/v2\/categories?post=1460"},{"taxonomy":"post_tag","embeddable":true,"href":"https:\/\/projetoraiz.pt\/en\/wp-json\/wp\/v2\/tags?post=1460"}],"curies":[{"name":"wp","href":"https:\/\/api.w.org\/{rel}","templated":true}]}}