{"id":1513,"date":"2023-08-21T11:47:02","date_gmt":"2023-08-21T10:47:02","guid":{"rendered":"https:\/\/projetoraiz.pt\/magical-sounds\/"},"modified":"2023-08-21T11:56:49","modified_gmt":"2023-08-21T10:56:49","slug":"magical-sounds","status":"publish","type":"post","link":"https:\/\/projetoraiz.pt\/en\/magical-sounds\/","title":{"rendered":"Magical Sounds"},"content":{"rendered":"\n<p>July 29, 2023 | Yoga House Melides<\/p>\n\n\n\n<p>We invite you to join us on this fantastic journey of sound with S\u00e9rgio Cristo.<\/p>\n\n\n\n<figure class=\"wp-block-image size-large\"><img fetchpriority=\"high\" decoding=\"async\" width=\"1024\" height=\"1024\" src=\"https:\/\/projetoraiz.pt\/wp-content\/uploads\/2023\/08\/Sons-Magicos-1-1024x1024.jpg\" alt=\"\" class=\"wp-image-1509\" srcset=\"https:\/\/projetoraiz.pt\/wp-content\/uploads\/2023\/08\/Sons-Magicos-1-1024x1024.jpg 1024w, https:\/\/projetoraiz.pt\/wp-content\/uploads\/2023\/08\/Sons-Magicos-1-300x300.jpg 300w, https:\/\/projetoraiz.pt\/wp-content\/uploads\/2023\/08\/Sons-Magicos-1-150x150.jpg 150w, https:\/\/projetoraiz.pt\/wp-content\/uploads\/2023\/08\/Sons-Magicos-1-768x768.jpg 768w, https:\/\/projetoraiz.pt\/wp-content\/uploads\/2023\/08\/Sons-Magicos-1.jpg 1080w\" sizes=\"(max-width: 1024px) 100vw, 1024px\" \/><\/figure>\n","protected":false},"excerpt":{"rendered":"<p>July 29, 2023 | Yoga House Melides We invite you to join us on this fantastic journey of sound with S\u00e9rgio Cristo.<\/p>\n","protected":false},"author":1,"featured_media":1507,"comment_status":"closed","ping_status":"open","sticky":false,"template":"","format":"standard","meta":{"site-sidebar-layout":"default","site-content-layout":"","ast-site-content-layout":"default","site-content-style":"default","site-sidebar-style":"default","ast-global-header-display":"","ast-banner-title-visibility":"","ast-main-header-display":"","ast-hfb-above-header-display":"","ast-hfb-below-header-display":"","ast-hfb-mobile-header-display":"","site-post-title":"","ast-breadcrumbs-content":"","ast-featured-img":"","footer-sml-layout":"","ast-disable-related-posts":"","theme-transparent-header-meta":"","adv-header-id-meta":"","stick-header-meta":"","header-above-stick-meta":"","header-main-stick-meta":"","header-below-stick-meta":"","astra-migrate-meta-layouts":"set","ast-page-background-enabled":"default","ast-page-background-meta":{"desktop":{"background-color":"","background-image":"","background-repeat":"repeat","background-position":"center center","background-size":"auto","background-attachment":"scroll","background-type":"","background-media":"","overlay-type":"","overlay-color":"","overlay-opacity":"","overlay-gradient":""},"tablet":{"background-color":"","background-image":"","background-repeat":"repeat","background-position":"center center","background-size":"auto","background-attachment":"scroll","background-type":"","background-media":"","overlay-type":"","overlay-color":"","overlay-opacity":"","overlay-gradient":""},"mobile":{"background-color":"","background-image":"","background-repeat":"repeat","background-position":"center center","background-size":"auto","background-attachment":"scroll","background-type":"","background-media":"","overlay-type":"","overlay-color":"","overlay-opacity":"","overlay-gradient":""}},"ast-content-background-meta":{"desktop":{"background-color":"var(--ast-global-color-5)","background-image":"","background-repeat":"repeat","background-position":"center center","background-size":"auto","background-attachment":"scroll","background-type":"","background-media":"","overlay-type":"","overlay-color":"","overlay-opacity":"","overlay-gradient":""},"tablet":{"background-color":"var(--ast-global-color-5)","background-image":"","background-repeat":"repeat","background-position":"center center","background-size":"auto","background-attachment":"scroll","background-type":"","background-media":"","overlay-type":"","overlay-color":"","overlay-opacity":"","overlay-gradient":""},"mobile":{"background-color":"var(--ast-global-color-5)","background-image":"","background-repeat":"repeat","background-position":"center center","background-size":"auto","background-attachment":"scroll","background-type":"","background-media":"","overlay-type":"","overlay-color":"","overlay-opacity":"","overlay-gradient":""}},"iawp_total_views":9,"_joinchat":[],"footnotes":""},"categories":[18],"tags":[],"class_list":["post-1513","post","type-post","status-publish","format-standard","has-post-thumbnail","hentry","category-events"],"yoast_head":"<!-- This site is optimized with the Yoast SEO plugin v26.8 - https:\/\/yoast.com\/product\/yoast-seo-wordpress\/ -->\n<title>Magical Sounds - Centro de Terapias RAIZ<\/title>\n<meta name=\"robots\" content=\"index, follow, max-snippet:-1, max-image-preview:large, max-video-preview:-1\" \/>\n<link rel=\"canonical\" href=\"https:\/\/projetoraiz.pt\/en\/magical-sounds\/\" \/>\n<meta property=\"og:locale\" content=\"en_US\" \/>\n<meta property=\"og:type\" content=\"article\" \/>\n<meta property=\"og:title\" content=\"Magical Sounds - Centro de Terapias RAIZ\" \/>\n<meta property=\"og:description\" content=\"July 29, 2023 | Yoga House Melides We invite you to join us on this fantastic journey of sound with S\u00e9rgio Cristo.\" \/>\n<meta property=\"og:url\" content=\"https:\/\/projetoraiz.pt\/en\/magical-sounds\/\" \/>\n<meta property=\"og:site_name\" content=\"Centro de Terapias RAIZ\" \/>\n<meta property=\"article:publisher\" content=\"https:\/\/www.facebook.com\/RAIZyogaeterapias\" \/>\n<meta property=\"article:published_time\" content=\"2023-08-21T10:47:02+00:00\" \/>\n<meta property=\"article:modified_time\" content=\"2023-08-21T10:56:49+00:00\" \/>\n<meta property=\"og:image\" content=\"https:\/\/projetoraiz.pt\/wp-content\/uploads\/2023\/08\/Sons-Magicos.jpg\" \/>\n\t<meta property=\"og:image:width\" content=\"1080\" \/>\n\t<meta property=\"og:image:height\" content=\"1080\" \/>\n\t<meta property=\"og:image:type\" content=\"image\/jpeg\" \/>\n<meta name=\"author\" content=\"anaficrodrigues@gmail.com\" \/>\n<meta name=\"twitter:card\" content=\"summary_large_image\" \/>\n<meta name=\"twitter:label1\" content=\"Written by\" \/>\n\t<meta name=\"twitter:data1\" content=\"anaficrodrigues@gmail.com\" \/>\n\t<meta name=\"twitter:label2\" content=\"Est. reading time\" \/>\n\t<meta name=\"twitter:data2\" content=\"1 minute\" \/>\n<script type=\"application\/ld+json\" class=\"yoast-schema-graph\">{\"@context\":\"https:\/\/schema.org\",\"@graph\":[{\"@type\":\"Article\",\"@id\":\"https:\/\/projetoraiz.pt\/en\/magical-sounds\/#article\",\"isPartOf\":{\"@id\":\"https:\/\/projetoraiz.pt\/en\/magical-sounds\/\"},\"author\":{\"name\":\"anaficrodrigues@gmail.com\",\"@id\":\"https:\/\/projetoraiz.pt\/en\/#\/schema\/person\/763669171839453190ad1d436a70af6b\"},\"headline\":\"Magical Sounds\",\"datePublished\":\"2023-08-21T10:47:02+00:00\",\"dateModified\":\"2023-08-21T10:56:49+00:00\",\"mainEntityOfPage\":{\"@id\":\"https:\/\/projetoraiz.pt\/en\/magical-sounds\/\"},\"wordCount\":22,\"publisher\":{\"@id\":\"https:\/\/projetoraiz.pt\/en\/#organization\"},\"image\":{\"@id\":\"https:\/\/projetoraiz.pt\/en\/magical-sounds\/#primaryimage\"},\"thumbnailUrl\":\"https:\/\/projetoraiz.pt\/wp-content\/uploads\/2023\/08\/Sons-Magicos.jpg\",\"articleSection\":[\"Events\"],\"inLanguage\":\"en-US\"},{\"@type\":\"WebPage\",\"@id\":\"https:\/\/projetoraiz.pt\/en\/magical-sounds\/\",\"url\":\"https:\/\/projetoraiz.pt\/en\/magical-sounds\/\",\"name\":\"Magical Sounds - Centro de Terapias RAIZ\",\"isPartOf\":{\"@id\":\"https:\/\/projetoraiz.pt\/en\/#website\"},\"primaryImageOfPage\":{\"@id\":\"https:\/\/projetoraiz.pt\/en\/magical-sounds\/#primaryimage\"},\"image\":{\"@id\":\"https:\/\/projetoraiz.pt\/en\/magical-sounds\/#primaryimage\"},\"thumbnailUrl\":\"https:\/\/projetoraiz.pt\/wp-content\/uploads\/2023\/08\/Sons-Magicos.jpg\",\"datePublished\":\"2023-08-21T10:47:02+00:00\",\"dateModified\":\"2023-08-21T10:56:49+00:00\",\"breadcrumb\":{\"@id\":\"https:\/\/projetoraiz.pt\/en\/magical-sounds\/#breadcrumb\"},\"inLanguage\":\"en-US\",\"potentialAction\":[{\"@type\":\"ReadAction\",\"target\":[\"https:\/\/projetoraiz.pt\/en\/magical-sounds\/\"]}]},{\"@type\":\"ImageObject\",\"inLanguage\":\"en-US\",\"@id\":\"https:\/\/projetoraiz.pt\/en\/magical-sounds\/#primaryimage\",\"url\":\"https:\/\/projetoraiz.pt\/wp-content\/uploads\/2023\/08\/Sons-Magicos.jpg\",\"contentUrl\":\"https:\/\/projetoraiz.pt\/wp-content\/uploads\/2023\/08\/Sons-Magicos.jpg\",\"width\":1080,\"height\":1080,\"caption\":\"Sons Magicos - Melides\"},{\"@type\":\"BreadcrumbList\",\"@id\":\"https:\/\/projetoraiz.pt\/en\/magical-sounds\/#breadcrumb\",\"itemListElement\":[{\"@type\":\"ListItem\",\"position\":1,\"name\":\"Home\",\"item\":\"https:\/\/projetoraiz.pt\/en\/\"},{\"@type\":\"ListItem\",\"position\":2,\"name\":\"Magical Sounds\"}]},{\"@type\":\"WebSite\",\"@id\":\"https:\/\/projetoraiz.pt\/en\/#website\",\"url\":\"https:\/\/projetoraiz.pt\/en\/\",\"name\":\"RAIZ - Yoga e Terapias - Gr\u00e2ndola - Melides - Comporta\",\"description\":\"Escola de Yoga - Centro de Terapias - Eventos - Forma\u00e7\u00f5es - Workshops\",\"publisher\":{\"@id\":\"https:\/\/projetoraiz.pt\/en\/#organization\"},\"potentialAction\":[{\"@type\":\"SearchAction\",\"target\":{\"@type\":\"EntryPoint\",\"urlTemplate\":\"https:\/\/projetoraiz.pt\/en\/?s={search_term_string}\"},\"query-input\":{\"@type\":\"PropertyValueSpecification\",\"valueRequired\":true,\"valueName\":\"search_term_string\"}}],\"inLanguage\":\"en-US\"},{\"@type\":\"Organization\",\"@id\":\"https:\/\/projetoraiz.pt\/en\/#organization\",\"name\":\"RAIZ - Yoga e Terapias\",\"url\":\"https:\/\/projetoraiz.pt\/en\/\",\"logo\":{\"@type\":\"ImageObject\",\"inLanguage\":\"en-US\",\"@id\":\"https:\/\/projetoraiz.pt\/en\/#\/schema\/logo\/image\/\",\"url\":\"https:\/\/projetoraiz.pt\/wp-content\/uploads\/2023\/06\/Raiz-Logo-e1687209449304.png\",\"contentUrl\":\"https:\/\/projetoraiz.pt\/wp-content\/uploads\/2023\/06\/Raiz-Logo-e1687209449304.png\",\"width\":180,\"height\":180,\"caption\":\"RAIZ - Yoga e Terapias\"},\"image\":{\"@id\":\"https:\/\/projetoraiz.pt\/en\/#\/schema\/logo\/image\/\"},\"sameAs\":[\"https:\/\/www.facebook.com\/RAIZyogaeterapias\",\"https:\/\/www.instagram.com\/raizyogacomporta\/\"]},{\"@type\":\"Person\",\"@id\":\"https:\/\/projetoraiz.pt\/en\/#\/schema\/person\/763669171839453190ad1d436a70af6b\",\"name\":\"anaficrodrigues@gmail.com\",\"image\":{\"@type\":\"ImageObject\",\"inLanguage\":\"en-US\",\"@id\":\"https:\/\/projetoraiz.pt\/en\/#\/schema\/person\/image\/\",\"url\":\"https:\/\/secure.gravatar.com\/avatar\/d5646fb74560db94b886bf67adec5ca6aa538a008f1f172a6c218f53108621e1?s=96&d=mm&r=g\",\"contentUrl\":\"https:\/\/secure.gravatar.com\/avatar\/d5646fb74560db94b886bf67adec5ca6aa538a008f1f172a6c218f53108621e1?s=96&d=mm&r=g\",\"caption\":\"anaficrodrigues@gmail.com\"},\"sameAs\":[\"https:\/\/projetoraiz.pt\"],\"url\":\"https:\/\/projetoraiz.pt\/en\/author\/anaficrodriguesgmail-com\/\"}]}<\/script>\n<!-- \/ Yoast SEO plugin. -->","yoast_head_json":{"title":"Magical Sounds - Centro de Terapias RAIZ","robots":{"index":"index","follow":"follow","max-snippet":"max-snippet:-1","max-image-preview":"max-image-preview:large","max-video-preview":"max-video-preview:-1"},"canonical":"https:\/\/projetoraiz.pt\/en\/magical-sounds\/","og_locale":"en_US","og_type":"article","og_title":"Magical Sounds - Centro de Terapias RAIZ","og_description":"July 29, 2023 | Yoga House Melides We invite you to join us on this fantastic journey of sound with S\u00e9rgio Cristo.","og_url":"https:\/\/projetoraiz.pt\/en\/magical-sounds\/","og_site_name":"Centro de Terapias RAIZ","article_publisher":"https:\/\/www.facebook.com\/RAIZyogaeterapias","article_published_time":"2023-08-21T10:47:02+00:00","article_modified_time":"2023-08-21T10:56:49+00:00","og_image":[{"width":1080,"height":1080,"url":"https:\/\/projetoraiz.pt\/wp-content\/uploads\/2023\/08\/Sons-Magicos.jpg","type":"image\/jpeg"}],"author":"anaficrodrigues@gmail.com","twitter_card":"summary_large_image","twitter_misc":{"Written by":"anaficrodrigues@gmail.com","Est. reading time":"1 minute"},"schema":{"@context":"https:\/\/schema.org","@graph":[{"@type":"Article","@id":"https:\/\/projetoraiz.pt\/en\/magical-sounds\/#article","isPartOf":{"@id":"https:\/\/projetoraiz.pt\/en\/magical-sounds\/"},"author":{"name":"anaficrodrigues@gmail.com","@id":"https:\/\/projetoraiz.pt\/en\/#\/schema\/person\/763669171839453190ad1d436a70af6b"},"headline":"Magical Sounds","datePublished":"2023-08-21T10:47:02+00:00","dateModified":"2023-08-21T10:56:49+00:00","mainEntityOfPage":{"@id":"https:\/\/projetoraiz.pt\/en\/magical-sounds\/"},"wordCount":22,"publisher":{"@id":"https:\/\/projetoraiz.pt\/en\/#organization"},"image":{"@id":"https:\/\/projetoraiz.pt\/en\/magical-sounds\/#primaryimage"},"thumbnailUrl":"https:\/\/projetoraiz.pt\/wp-content\/uploads\/2023\/08\/Sons-Magicos.jpg","articleSection":["Events"],"inLanguage":"en-US"},{"@type":"WebPage","@id":"https:\/\/projetoraiz.pt\/en\/magical-sounds\/","url":"https:\/\/projetoraiz.pt\/en\/magical-sounds\/","name":"Magical Sounds - Centro de Terapias RAIZ","isPartOf":{"@id":"https:\/\/projetoraiz.pt\/en\/#website"},"primaryImageOfPage":{"@id":"https:\/\/projetoraiz.pt\/en\/magical-sounds\/#primaryimage"},"image":{"@id":"https:\/\/projetoraiz.pt\/en\/magical-sounds\/#primaryimage"},"thumbnailUrl":"https:\/\/projetoraiz.pt\/wp-content\/uploads\/2023\/08\/Sons-Magicos.jpg","datePublished":"2023-08-21T10:47:02+00:00","dateModified":"2023-08-21T10:56:49+00:00","breadcrumb":{"@id":"https:\/\/projetoraiz.pt\/en\/magical-sounds\/#breadcrumb"},"inLanguage":"en-US","potentialAction":[{"@type":"ReadAction","target":["https:\/\/projetoraiz.pt\/en\/magical-sounds\/"]}]},{"@type":"ImageObject","inLanguage":"en-US","@id":"https:\/\/projetoraiz.pt\/en\/magical-sounds\/#primaryimage","url":"https:\/\/projetoraiz.pt\/wp-content\/uploads\/2023\/08\/Sons-Magicos.jpg","contentUrl":"https:\/\/projetoraiz.pt\/wp-content\/uploads\/2023\/08\/Sons-Magicos.jpg","width":1080,"height":1080,"caption":"Sons Magicos - Melides"},{"@type":"BreadcrumbList","@id":"https:\/\/projetoraiz.pt\/en\/magical-sounds\/#breadcrumb","itemListElement":[{"@type":"ListItem","position":1,"name":"Home","item":"https:\/\/projetoraiz.pt\/en\/"},{"@type":"ListItem","position":2,"name":"Magical Sounds"}]},{"@type":"WebSite","@id":"https:\/\/projetoraiz.pt\/en\/#website","url":"https:\/\/projetoraiz.pt\/en\/","name":"RAIZ - Yoga e Terapias - Gr\u00e2ndola - Melides - Comporta","description":"Escola de Yoga - Centro de Terapias - Eventos - Forma\u00e7\u00f5es - Workshops","publisher":{"@id":"https:\/\/projetoraiz.pt\/en\/#organization"},"potentialAction":[{"@type":"SearchAction","target":{"@type":"EntryPoint","urlTemplate":"https:\/\/projetoraiz.pt\/en\/?s={search_term_string}"},"query-input":{"@type":"PropertyValueSpecification","valueRequired":true,"valueName":"search_term_string"}}],"inLanguage":"en-US"},{"@type":"Organization","@id":"https:\/\/projetoraiz.pt\/en\/#organization","name":"RAIZ - Yoga e Terapias","url":"https:\/\/projetoraiz.pt\/en\/","logo":{"@type":"ImageObject","inLanguage":"en-US","@id":"https:\/\/projetoraiz.pt\/en\/#\/schema\/logo\/image\/","url":"https:\/\/projetoraiz.pt\/wp-content\/uploads\/2023\/06\/Raiz-Logo-e1687209449304.png","contentUrl":"https:\/\/projetoraiz.pt\/wp-content\/uploads\/2023\/06\/Raiz-Logo-e1687209449304.png","width":180,"height":180,"caption":"RAIZ - Yoga e Terapias"},"image":{"@id":"https:\/\/projetoraiz.pt\/en\/#\/schema\/logo\/image\/"},"sameAs":["https:\/\/www.facebook.com\/RAIZyogaeterapias","https:\/\/www.instagram.com\/raizyogacomporta\/"]},{"@type":"Person","@id":"https:\/\/projetoraiz.pt\/en\/#\/schema\/person\/763669171839453190ad1d436a70af6b","name":"anaficrodrigues@gmail.com","image":{"@type":"ImageObject","inLanguage":"en-US","@id":"https:\/\/projetoraiz.pt\/en\/#\/schema\/person\/image\/","url":"https:\/\/secure.gravatar.com\/avatar\/d5646fb74560db94b886bf67adec5ca6aa538a008f1f172a6c218f53108621e1?s=96&d=mm&r=g","contentUrl":"https:\/\/secure.gravatar.com\/avatar\/d5646fb74560db94b886bf67adec5ca6aa538a008f1f172a6c218f53108621e1?s=96&d=mm&r=g","caption":"anaficrodrigues@gmail.com"},"sameAs":["https:\/\/projetoraiz.pt"],"url":"https:\/\/projetoraiz.pt\/en\/author\/anaficrodriguesgmail-com\/"}]}},"_links":{"self":[{"href":"https:\/\/projetoraiz.pt\/en\/wp-json\/wp\/v2\/posts\/1513","targetHints":{"allow":["GET"]}}],"collection":[{"href":"https:\/\/projetoraiz.pt\/en\/wp-json\/wp\/v2\/posts"}],"about":[{"href":"https:\/\/projetoraiz.pt\/en\/wp-json\/wp\/v2\/types\/post"}],"author":[{"embeddable":true,"href":"https:\/\/projetoraiz.pt\/en\/wp-json\/wp\/v2\/users\/1"}],"replies":[{"embeddable":true,"href":"https:\/\/projetoraiz.pt\/en\/wp-json\/wp\/v2\/comments?post=1513"}],"version-history":[{"count":4,"href":"https:\/\/projetoraiz.pt\/en\/wp-json\/wp\/v2\/posts\/1513\/revisions"}],"predecessor-version":[{"id":1517,"href":"https:\/\/projetoraiz.pt\/en\/wp-json\/wp\/v2\/posts\/1513\/revisions\/1517"}],"wp:featuredmedia":[{"embeddable":true,"href":"https:\/\/projetoraiz.pt\/en\/wp-json\/wp\/v2\/media\/1507"}],"wp:attachment":[{"href":"https:\/\/projetoraiz.pt\/en\/wp-json\/wp\/v2\/media?parent=1513"}],"wp:term":[{"taxonomy":"category","embeddable":true,"href":"https:\/\/projetoraiz.pt\/en\/wp-json\/wp\/v2\/categories?post=1513"},{"taxonomy":"post_tag","embeddable":true,"href":"https:\/\/projetoraiz.pt\/en\/wp-json\/wp\/v2\/tags?post=1513"}],"curies":[{"name":"wp","href":"https:\/\/api.w.org\/{rel}","templated":true}]}}